{"id":6182,"date":"2023-10-06T17:43:18","date_gmt":"2023-10-06T16:43:18","guid":{"rendered":"https:\/\/www.beathis.ch\/cgi\/Wordpress\/?p=6182"},"modified":"2023-10-07T14:01:21","modified_gmt":"2023-10-07T13:01:21","slug":"6-10-23-gitsch","status":"publish","type":"post","link":"https:\/\/www.beathis.ch\/cgi\/Wordpress\/?p=6182","title":{"rendered":"6.10.23 Gitsch"},"content":{"rendered":"<div class='__iawmlf-post-loop-links' style='display:none;' data-iawmlf-post-links='[]'><\/div>\n<p>Wunderbares Wetter begr\u00fcsste uns am Morgen.<\/p>\n\n\n\n<figure class=\"wp-block-image size-large\"><a href=\"https:\/\/www.beathis.ch\/cgi\/Wordpress\/wp-content\/uploads\/2023\/10\/20231006_074221.jpg\"><img loading=\"lazy\" decoding=\"async\" width=\"1024\" height=\"768\" src=\"https:\/\/www.beathis.ch\/cgi\/Wordpress\/wp-content\/uploads\/2023\/10\/20231006_074221-1024x768.jpg\" alt=\"\" class=\"wp-image-6183\" srcset=\"https:\/\/www.beathis.ch\/cgi\/Wordpress\/wp-content\/uploads\/2023\/10\/20231006_074221-1024x768.jpg 1024w, https:\/\/www.beathis.ch\/cgi\/Wordpress\/wp-content\/uploads\/2023\/10\/20231006_074221-300x225.jpg 300w, https:\/\/www.beathis.ch\/cgi\/Wordpress\/wp-content\/uploads\/2023\/10\/20231006_074221-768x576.jpg 768w, https:\/\/www.beathis.ch\/cgi\/Wordpress\/wp-content\/uploads\/2023\/10\/20231006_074221-1536x1152.jpg 1536w, https:\/\/www.beathis.ch\/cgi\/Wordpress\/wp-content\/uploads\/2023\/10\/20231006_074221.jpg 2000w\" sizes=\"auto, (max-width: 1024px) 100vw, 1024px\" \/><\/a><figcaption class=\"wp-element-caption\">Sonnenaufgang im S\u00fcdtirol<\/figcaption><\/figure>\n\n\n\n<p>Zu Fuss ging es zur Talstation der Gondelbahn und mit dieser bis zur Mittelstation. Dort begannen wir unseren Anstieg \u00fcber die Kiener Alm Richtung Nesselh\u00fctte.<\/p>\n\n\n\n<figure class=\"wp-block-image size-large\"><a href=\"https:\/\/www.beathis.ch\/cgi\/Wordpress\/wp-content\/uploads\/2023\/10\/P1240517.jpg\"><img loading=\"lazy\" decoding=\"async\" width=\"1024\" height=\"769\" src=\"https:\/\/www.beathis.ch\/cgi\/Wordpress\/wp-content\/uploads\/2023\/10\/P1240517-1024x769.jpg\" alt=\"\" class=\"wp-image-6184\" srcset=\"https:\/\/www.beathis.ch\/cgi\/Wordpress\/wp-content\/uploads\/2023\/10\/P1240517-1024x769.jpg 1024w, https:\/\/www.beathis.ch\/cgi\/Wordpress\/wp-content\/uploads\/2023\/10\/P1240517-300x225.jpg 300w, https:\/\/www.beathis.ch\/cgi\/Wordpress\/wp-content\/uploads\/2023\/10\/P1240517-768x577.jpg 768w, https:\/\/www.beathis.ch\/cgi\/Wordpress\/wp-content\/uploads\/2023\/10\/P1240517-1536x1154.jpg 1536w, https:\/\/www.beathis.ch\/cgi\/Wordpress\/wp-content\/uploads\/2023\/10\/P1240517.jpg 2000w\" sizes=\"auto, (max-width: 1024px) 100vw, 1024px\" \/><\/a><figcaption class=\"wp-element-caption\">Blick ins Tal<\/figcaption><\/figure>\n\n\n\n<p>Nach gut 2h Wanderung und 499 H\u00f6henmeter erreichten wir die Nesselh\u00fctte. Von dort ging es weiter zum Aussichtspunkt Gitsch (2510m\u00fcM).<\/p>\n\n\n\n<figure class=\"wp-block-image size-large\"><a href=\"https:\/\/www.beathis.ch\/cgi\/Wordpress\/wp-content\/uploads\/2023\/10\/P1240518.jpg\"><img loading=\"lazy\" decoding=\"async\" width=\"1024\" height=\"769\" src=\"https:\/\/www.beathis.ch\/cgi\/Wordpress\/wp-content\/uploads\/2023\/10\/P1240518-1024x769.jpg\" alt=\"\" class=\"wp-image-6185\" srcset=\"https:\/\/www.beathis.ch\/cgi\/Wordpress\/wp-content\/uploads\/2023\/10\/P1240518-1024x769.jpg 1024w, https:\/\/www.beathis.ch\/cgi\/Wordpress\/wp-content\/uploads\/2023\/10\/P1240518-300x225.jpg 300w, https:\/\/www.beathis.ch\/cgi\/Wordpress\/wp-content\/uploads\/2023\/10\/P1240518-768x577.jpg 768w, https:\/\/www.beathis.ch\/cgi\/Wordpress\/wp-content\/uploads\/2023\/10\/P1240518-1536x1154.jpg 1536w, https:\/\/www.beathis.ch\/cgi\/Wordpress\/wp-content\/uploads\/2023\/10\/P1240518.jpg 2000w\" sizes=\"auto, (max-width: 1024px) 100vw, 1024px\" \/><\/a><figcaption class=\"wp-element-caption\">Gitsch (2510m\u00fcM) von der Nesselh\u00fctte (2114m\u00fcM)<\/figcaption><\/figure>\n\n\n\n<p>Nach 3h erreichten wir den Gipfel und die Rundumsicht war fantastisch.<\/p>\n\n\n\n<figure class=\"wp-block-image size-large\"><a href=\"https:\/\/www.beathis.ch\/cgi\/Wordpress\/wp-content\/uploads\/2023\/10\/20231006_130913.jpg\"><img loading=\"lazy\" decoding=\"async\" width=\"1024\" height=\"768\" src=\"https:\/\/www.beathis.ch\/cgi\/Wordpress\/wp-content\/uploads\/2023\/10\/20231006_130913-1024x768.jpg\" alt=\"\" class=\"wp-image-6186\" srcset=\"https:\/\/www.beathis.ch\/cgi\/Wordpress\/wp-content\/uploads\/2023\/10\/20231006_130913-1024x768.jpg 1024w, https:\/\/www.beathis.ch\/cgi\/Wordpress\/wp-content\/uploads\/2023\/10\/20231006_130913-300x225.jpg 300w, https:\/\/www.beathis.ch\/cgi\/Wordpress\/wp-content\/uploads\/2023\/10\/20231006_130913-768x576.jpg 768w, https:\/\/www.beathis.ch\/cgi\/Wordpress\/wp-content\/uploads\/2023\/10\/20231006_130913-1536x1152.jpg 1536w, https:\/\/www.beathis.ch\/cgi\/Wordpress\/wp-content\/uploads\/2023\/10\/20231006_130913.jpg 2000w\" sizes=\"auto, (max-width: 1024px) 100vw, 1024px\" \/><\/a><figcaption class=\"wp-element-caption\">Gitsch Gipfelkreuz<\/figcaption><\/figure>\n\n\n\n<figure class=\"wp-block-image size-large\"><a href=\"https:\/\/www.beathis.ch\/cgi\/Wordpress\/wp-content\/uploads\/2023\/10\/20231006_131119.jpg\"><img loading=\"lazy\" decoding=\"async\" width=\"1024\" height=\"264\" src=\"https:\/\/www.beathis.ch\/cgi\/Wordpress\/wp-content\/uploads\/2023\/10\/20231006_131119-1024x264.jpg\" alt=\"\" class=\"wp-image-6188\" srcset=\"https:\/\/www.beathis.ch\/cgi\/Wordpress\/wp-content\/uploads\/2023\/10\/20231006_131119-1024x264.jpg 1024w, https:\/\/www.beathis.ch\/cgi\/Wordpress\/wp-content\/uploads\/2023\/10\/20231006_131119-300x77.jpg 300w, https:\/\/www.beathis.ch\/cgi\/Wordpress\/wp-content\/uploads\/2023\/10\/20231006_131119-768x198.jpg 768w, https:\/\/www.beathis.ch\/cgi\/Wordpress\/wp-content\/uploads\/2023\/10\/20231006_131119-1536x396.jpg 1536w, https:\/\/www.beathis.ch\/cgi\/Wordpress\/wp-content\/uploads\/2023\/10\/20231006_131119.jpg 2000w\" sizes=\"auto, (max-width: 1024px) 100vw, 1024px\" \/><\/a><figcaption class=\"wp-element-caption\">Blick Richtung S\u00fcden<\/figcaption><\/figure>\n\n\n\n<figure class=\"wp-block-image size-large\"><a href=\"https:\/\/www.beathis.ch\/cgi\/Wordpress\/wp-content\/uploads\/2023\/10\/20231006_131316.jpg\"><img loading=\"lazy\" decoding=\"async\" width=\"1024\" height=\"266\" src=\"https:\/\/www.beathis.ch\/cgi\/Wordpress\/wp-content\/uploads\/2023\/10\/20231006_131316-1024x266.jpg\" alt=\"\" class=\"wp-image-6189\" srcset=\"https:\/\/www.beathis.ch\/cgi\/Wordpress\/wp-content\/uploads\/2023\/10\/20231006_131316-1024x266.jpg 1024w, https:\/\/www.beathis.ch\/cgi\/Wordpress\/wp-content\/uploads\/2023\/10\/20231006_131316-300x78.jpg 300w, https:\/\/www.beathis.ch\/cgi\/Wordpress\/wp-content\/uploads\/2023\/10\/20231006_131316-768x200.jpg 768w, https:\/\/www.beathis.ch\/cgi\/Wordpress\/wp-content\/uploads\/2023\/10\/20231006_131316-1536x399.jpg 1536w, https:\/\/www.beathis.ch\/cgi\/Wordpress\/wp-content\/uploads\/2023\/10\/20231006_131316.jpg 2000w\" sizes=\"auto, (max-width: 1024px) 100vw, 1024px\" \/><\/a><figcaption class=\"wp-element-caption\">Blick Richtung Norden<\/figcaption><\/figure>\n\n\n\n<figure class=\"wp-block-image size-large\"><a href=\"https:\/\/www.beathis.ch\/cgi\/Wordpress\/wp-content\/uploads\/2023\/10\/20231006_131708x.jpg\"><img loading=\"lazy\" decoding=\"async\" width=\"1024\" height=\"768\" src=\"https:\/\/www.beathis.ch\/cgi\/Wordpress\/wp-content\/uploads\/2023\/10\/20231006_131708x-1024x768.jpg\" alt=\"\" class=\"wp-image-6190\" srcset=\"https:\/\/www.beathis.ch\/cgi\/Wordpress\/wp-content\/uploads\/2023\/10\/20231006_131708x-1024x768.jpg 1024w, https:\/\/www.beathis.ch\/cgi\/Wordpress\/wp-content\/uploads\/2023\/10\/20231006_131708x-300x225.jpg 300w, https:\/\/www.beathis.ch\/cgi\/Wordpress\/wp-content\/uploads\/2023\/10\/20231006_131708x-768x576.jpg 768w, https:\/\/www.beathis.ch\/cgi\/Wordpress\/wp-content\/uploads\/2023\/10\/20231006_131708x-1536x1152.jpg 1536w, https:\/\/www.beathis.ch\/cgi\/Wordpress\/wp-content\/uploads\/2023\/10\/20231006_131708x.jpg 2000w\" sizes=\"auto, (max-width: 1024px) 100vw, 1024px\" \/><\/a><figcaption class=\"wp-element-caption\">Auf dem Gitsch war sogar eine kleine Raupe unterwegs<\/figcaption><\/figure>\n\n\n\n<p>In der Gitschh\u00fctte gab es w\u00e4hrend dem Abstieg eine kleine Verpflegungspause. Dann fuhren wir mit der Gondelbahn ins Tal und kehrten ins Hotel zur\u00fcck. <\/p>\n\n\n\n<figure class=\"wp-block-image size-large\"><a href=\"https:\/\/www.beathis.ch\/cgi\/Wordpress\/wp-content\/uploads\/2023\/10\/P1240532.jpg\"><img loading=\"lazy\" decoding=\"async\" width=\"1024\" height=\"769\" src=\"https:\/\/www.beathis.ch\/cgi\/Wordpress\/wp-content\/uploads\/2023\/10\/P1240532-1024x769.jpg\" alt=\"\" class=\"wp-image-6195\" srcset=\"https:\/\/www.beathis.ch\/cgi\/Wordpress\/wp-content\/uploads\/2023\/10\/P1240532-1024x769.jpg 1024w, https:\/\/www.beathis.ch\/cgi\/Wordpress\/wp-content\/uploads\/2023\/10\/P1240532-300x225.jpg 300w, https:\/\/www.beathis.ch\/cgi\/Wordpress\/wp-content\/uploads\/2023\/10\/P1240532-768x577.jpg 768w, https:\/\/www.beathis.ch\/cgi\/Wordpress\/wp-content\/uploads\/2023\/10\/P1240532-1536x1154.jpg 1536w, https:\/\/www.beathis.ch\/cgi\/Wordpress\/wp-content\/uploads\/2023\/10\/P1240532.jpg 2000w\" sizes=\"auto, (max-width: 1024px) 100vw, 1024px\" \/><\/a><figcaption class=\"wp-element-caption\">Blick auf Meransen<\/figcaption><\/figure>\n\n\n\n<p>Im Hotel Tratterhof genossen wir eine sehr erholsame Sauna.<\/p>\n\n\n\n<figure class=\"wp-block-image size-large\"><a href=\"https:\/\/www.beathis.ch\/cgi\/Wordpress\/wp-content\/uploads\/2023\/10\/karte.jpg\"><img loading=\"lazy\" decoding=\"async\" width=\"1024\" height=\"624\" src=\"https:\/\/www.beathis.ch\/cgi\/Wordpress\/wp-content\/uploads\/2023\/10\/karte-1024x624.jpg\" alt=\"\" class=\"wp-image-6191\" srcset=\"https:\/\/www.beathis.ch\/cgi\/Wordpress\/wp-content\/uploads\/2023\/10\/karte-1024x624.jpg 1024w, https:\/\/www.beathis.ch\/cgi\/Wordpress\/wp-content\/uploads\/2023\/10\/karte-300x183.jpg 300w, https:\/\/www.beathis.ch\/cgi\/Wordpress\/wp-content\/uploads\/2023\/10\/karte-768x468.jpg 768w, https:\/\/www.beathis.ch\/cgi\/Wordpress\/wp-content\/uploads\/2023\/10\/karte.jpg 1532w\" sizes=\"auto, (max-width: 1024px) 100vw, 1024px\" \/><\/a><figcaption class=\"wp-element-caption\">Wanderung Hotel Tratterhof &#8211; Gitsch (Google Maps)<\/figcaption><\/figure>\n","protected":false},"excerpt":{"rendered":"<p>Wunderbares Wetter begr\u00fcsste uns am Morgen. Zu Fuss ging es zur Talstation der Gondelbahn und mit dieser bis zur Mittelstation. Dort begannen wir unseren Anstieg \u00fcber die Kiener Alm Richtung Nesselh\u00fctte. Nach gut 2h Wanderung und 499 H\u00f6henmeter erreichten wir die Nesselh\u00fctte. Von dort ging es weiter zum Aussichtspunkt Gitsch[&#8230;]<\/p>\n","protected":false},"author":2,"featured_media":6186,"comment_status":"closed","ping_status":"closed","sticky":false,"template":"","format":"standard","meta":{"footnotes":""},"categories":[8,692,691],"tags":[700,696,701,599],"class_list":["post-6182","post","type-post","status-publish","format-standard","has-post-thumbnail","hentry","category-reisen","category-suedtirol","category-suedtirol-oesterreich-2023","tag-gitsch","tag-meransen","tag-nesselhuette","tag-wanderung"],"_links":{"self":[{"href":"https:\/\/www.beathis.ch\/cgi\/Wordpress\/index.php?rest_route=\/wp\/v2\/posts\/6182","targetHints":{"allow":["GET"]}}],"collection":[{"href":"https:\/\/www.beathis.ch\/cgi\/Wordpress\/index.php?rest_route=\/wp\/v2\/posts"}],"about":[{"href":"https:\/\/www.beathis.ch\/cgi\/Wordpress\/index.php?rest_route=\/wp\/v2\/types\/post"}],"author":[{"embeddable":true,"href":"https:\/\/www.beathis.ch\/cgi\/Wordpress\/index.php?rest_route=\/wp\/v2\/users\/2"}],"replies":[{"embeddable":true,"href":"https:\/\/www.beathis.ch\/cgi\/Wordpress\/index.php?rest_route=%2Fwp%2Fv2%2Fcomments&post=6182"}],"version-history":[{"count":4,"href":"https:\/\/www.beathis.ch\/cgi\/Wordpress\/index.php?rest_route=\/wp\/v2\/posts\/6182\/revisions"}],"predecessor-version":[{"id":6196,"href":"https:\/\/www.beathis.ch\/cgi\/Wordpress\/index.php?rest_route=\/wp\/v2\/posts\/6182\/revisions\/6196"}],"wp:featuredmedia":[{"embeddable":true,"href":"https:\/\/www.beathis.ch\/cgi\/Wordpress\/index.php?rest_route=\/wp\/v2\/media\/6186"}],"wp:attachment":[{"href":"https:\/\/www.beathis.ch\/cgi\/Wordpress\/index.php?rest_route=%2Fwp%2Fv2%2Fmedia&parent=6182"}],"wp:term":[{"taxonomy":"category","embeddable":true,"href":"https:\/\/www.beathis.ch\/cgi\/Wordpress\/index.php?rest_route=%2Fwp%2Fv2%2Fcategories&post=6182"},{"taxonomy":"post_tag","embeddable":true,"href":"https:\/\/www.beathis.ch\/cgi\/Wordpress\/index.php?rest_route=%2Fwp%2Fv2%2Ftags&post=6182"}],"curies":[{"name":"wp","href":"https:\/\/api.w.org\/{rel}","templated":true}]}}