{"id":5590,"date":"2022-10-12T15:56:59","date_gmt":"2022-10-12T14:56:59","guid":{"rendered":"https:\/\/www.beathis.ch\/cgi\/Wordpress\/?p=5590"},"modified":"2022-10-12T15:59:18","modified_gmt":"2022-10-12T14:59:18","slug":"12-10-22-simmefaell-iffigenalp","status":"publish","type":"post","link":"https:\/\/www.beathis.ch\/cgi\/Wordpress\/?p=5590","title":{"rendered":"12.10.22 Simmef\u00e4ll &#8211; Iffigenalp"},"content":{"rendered":"<div class='__iawmlf-post-loop-links' style='display:none;' data-iawmlf-post-links='[{&quot;id&quot;:341,&quot;href&quot;:&quot;https:\\\/\\\/de.wikipedia.org\\\/wiki\\\/Weisshorn_(Lenk)&quot;,&quot;archived_href&quot;:&quot;http:\\\/\\\/web-wp.archive.org\\\/web\\\/20260110192930\\\/https:\\\/\\\/de.wikipedia.org\\\/wiki\\\/Weisshorn_(Lenk)&quot;,&quot;redirect_href&quot;:&quot;&quot;,&quot;checks&quot;:[{&quot;date&quot;:&quot;2026-02-09 20:14:20&quot;,&quot;http_code&quot;:200},{&quot;date&quot;:&quot;2026-03-01 05:28:32&quot;,&quot;http_code&quot;:200}],&quot;broken&quot;:false,&quot;last_checked&quot;:{&quot;date&quot;:&quot;2026-03-01 05:28:32&quot;,&quot;http_code&quot;:200},&quot;process&quot;:&quot;done&quot;}]'><\/div>\n<p>Unsere Wanderung f\u00fchrte uns von den Simmef\u00e4llen hinter Lenk \u00fcber &#8222;bi de sibe Br\u00fcnne&#8220; und die Langermatte (1856m\u00fcM) zur Iffigenalp. Wir ben\u00f6tigten f\u00fcr die 9.3km 3h20 mit kleinen Abstechern zu Wasserf\u00e4llen und kurzen Pausen. Es ging 830 H\u00f6henmeter bergauf und 370 H\u00f6henmeter runter.<\/p>\n\n\n\n<figure class=\"wp-block-image size-large\"><a href=\"https:\/\/www.beathis.ch\/cgi\/Wordpress\/wp-content\/uploads\/2022\/10\/karte2.jpg\"><img loading=\"lazy\" decoding=\"async\" width=\"1024\" height=\"823\" src=\"https:\/\/www.beathis.ch\/cgi\/Wordpress\/wp-content\/uploads\/2022\/10\/karte2-1024x823.jpg\" alt=\"\" class=\"wp-image-5591\" srcset=\"https:\/\/www.beathis.ch\/cgi\/Wordpress\/wp-content\/uploads\/2022\/10\/karte2-1024x823.jpg 1024w, https:\/\/www.beathis.ch\/cgi\/Wordpress\/wp-content\/uploads\/2022\/10\/karte2-300x241.jpg 300w, https:\/\/www.beathis.ch\/cgi\/Wordpress\/wp-content\/uploads\/2022\/10\/karte2-768x618.jpg 768w, https:\/\/www.beathis.ch\/cgi\/Wordpress\/wp-content\/uploads\/2022\/10\/karte2.jpg 1394w\" sizes=\"auto, (max-width: 1024px) 100vw, 1024px\" \/><\/a><figcaption>Wanderung mit Lenk (oben) (Google Maps)<\/figcaption><\/figure>\n\n\n\n<figure class=\"wp-block-image size-large\"><a href=\"https:\/\/www.beathis.ch\/cgi\/Wordpress\/wp-content\/uploads\/2022\/10\/karte1.jpg\"><img loading=\"lazy\" decoding=\"async\" width=\"1024\" height=\"641\" src=\"https:\/\/www.beathis.ch\/cgi\/Wordpress\/wp-content\/uploads\/2022\/10\/karte1-1024x641.jpg\" alt=\"\" class=\"wp-image-5592\" srcset=\"https:\/\/www.beathis.ch\/cgi\/Wordpress\/wp-content\/uploads\/2022\/10\/karte1-1024x641.jpg 1024w, https:\/\/www.beathis.ch\/cgi\/Wordpress\/wp-content\/uploads\/2022\/10\/karte1-300x188.jpg 300w, https:\/\/www.beathis.ch\/cgi\/Wordpress\/wp-content\/uploads\/2022\/10\/karte1-768x480.jpg 768w, https:\/\/www.beathis.ch\/cgi\/Wordpress\/wp-content\/uploads\/2022\/10\/karte1-1536x961.jpg 1536w, https:\/\/www.beathis.ch\/cgi\/Wordpress\/wp-content\/uploads\/2022\/10\/karte1.jpg 1819w\" sizes=\"auto, (max-width: 1024px) 100vw, 1024px\" \/><\/a><figcaption>Detailkarte der Wanderung (Google Maps)<\/figcaption><\/figure>\n\n\n\n<p>Mit der MOB fuhren wir von Saanenm\u00f6ser via Zweisimmen nach Lenk.<\/p>\n\n\n\n<figure class=\"wp-block-image size-large\"><a href=\"https:\/\/www.beathis.ch\/cgi\/Wordpress\/wp-content\/uploads\/2022\/10\/P1210823.jpg\"><img loading=\"lazy\" decoding=\"async\" width=\"1024\" height=\"769\" src=\"https:\/\/www.beathis.ch\/cgi\/Wordpress\/wp-content\/uploads\/2022\/10\/P1210823-1024x769.jpg\" alt=\"\" class=\"wp-image-5593\" srcset=\"https:\/\/www.beathis.ch\/cgi\/Wordpress\/wp-content\/uploads\/2022\/10\/P1210823-1024x769.jpg 1024w, https:\/\/www.beathis.ch\/cgi\/Wordpress\/wp-content\/uploads\/2022\/10\/P1210823-300x225.jpg 300w, https:\/\/www.beathis.ch\/cgi\/Wordpress\/wp-content\/uploads\/2022\/10\/P1210823-768x577.jpg 768w, https:\/\/www.beathis.ch\/cgi\/Wordpress\/wp-content\/uploads\/2022\/10\/P1210823-1536x1154.jpg 1536w, https:\/\/www.beathis.ch\/cgi\/Wordpress\/wp-content\/uploads\/2022\/10\/P1210823.jpg 2000w\" sizes=\"auto, (max-width: 1024px) 100vw, 1024px\" \/><\/a><figcaption>Regionalzug der MOB von Zweisimmen nach Lenk<\/figcaption><\/figure>\n\n\n\n<p>In Lenk brachte uns der Bus 283 zu den Simmef\u00e4llen. Ein steiler Anstieg auf einer Kiesstrasse f\u00fchrt zur Barbarabr\u00fccke oberhalb der Simmef\u00e4lle.<\/p>\n\n\n\n<figure class=\"wp-block-image size-large is-resized\"><a href=\"https:\/\/www.beathis.ch\/cgi\/Wordpress\/wp-content\/uploads\/2022\/10\/P1210827.jpg\"><img loading=\"lazy\" decoding=\"async\" src=\"https:\/\/www.beathis.ch\/cgi\/Wordpress\/wp-content\/uploads\/2022\/10\/P1210827-1024x769.jpg\" alt=\"\" class=\"wp-image-5594\" width=\"880\" height=\"660\" srcset=\"https:\/\/www.beathis.ch\/cgi\/Wordpress\/wp-content\/uploads\/2022\/10\/P1210827-1024x769.jpg 1024w, https:\/\/www.beathis.ch\/cgi\/Wordpress\/wp-content\/uploads\/2022\/10\/P1210827-300x225.jpg 300w, https:\/\/www.beathis.ch\/cgi\/Wordpress\/wp-content\/uploads\/2022\/10\/P1210827-768x577.jpg 768w, https:\/\/www.beathis.ch\/cgi\/Wordpress\/wp-content\/uploads\/2022\/10\/P1210827-1536x1154.jpg 1536w, https:\/\/www.beathis.ch\/cgi\/Wordpress\/wp-content\/uploads\/2022\/10\/P1210827.jpg 2000w\" sizes=\"auto, (max-width: 880px) 100vw, 880px\" \/><\/a><figcaption>Unterster Abschnitt der Simmef\u00e4lle<\/figcaption><\/figure>\n\n\n\n<figure class=\"wp-block-image size-large\"><a href=\"https:\/\/www.beathis.ch\/cgi\/Wordpress\/wp-content\/uploads\/2022\/10\/P1210830.jpg\"><img loading=\"lazy\" decoding=\"async\" width=\"1024\" height=\"769\" src=\"https:\/\/www.beathis.ch\/cgi\/Wordpress\/wp-content\/uploads\/2022\/10\/P1210830-1024x769.jpg\" alt=\"\" class=\"wp-image-5595\" srcset=\"https:\/\/www.beathis.ch\/cgi\/Wordpress\/wp-content\/uploads\/2022\/10\/P1210830-1024x769.jpg 1024w, https:\/\/www.beathis.ch\/cgi\/Wordpress\/wp-content\/uploads\/2022\/10\/P1210830-300x225.jpg 300w, https:\/\/www.beathis.ch\/cgi\/Wordpress\/wp-content\/uploads\/2022\/10\/P1210830-768x577.jpg 768w, https:\/\/www.beathis.ch\/cgi\/Wordpress\/wp-content\/uploads\/2022\/10\/P1210830-1536x1154.jpg 1536w, https:\/\/www.beathis.ch\/cgi\/Wordpress\/wp-content\/uploads\/2022\/10\/P1210830.jpg 2000w\" sizes=\"auto, (max-width: 1024px) 100vw, 1024px\" \/><\/a><figcaption>Simmef\u00e4lle bei der Barbarabr\u00fccke<\/figcaption><\/figure>\n\n\n\n<figure class=\"wp-block-image size-large\"><a href=\"https:\/\/www.beathis.ch\/cgi\/Wordpress\/wp-content\/uploads\/2022\/10\/P1210828.jpg\"><img loading=\"lazy\" decoding=\"async\" width=\"1024\" height=\"769\" src=\"https:\/\/www.beathis.ch\/cgi\/Wordpress\/wp-content\/uploads\/2022\/10\/P1210828-1024x769.jpg\" alt=\"\" class=\"wp-image-5596\" srcset=\"https:\/\/www.beathis.ch\/cgi\/Wordpress\/wp-content\/uploads\/2022\/10\/P1210828-1024x769.jpg 1024w, https:\/\/www.beathis.ch\/cgi\/Wordpress\/wp-content\/uploads\/2022\/10\/P1210828-300x225.jpg 300w, https:\/\/www.beathis.ch\/cgi\/Wordpress\/wp-content\/uploads\/2022\/10\/P1210828-768x577.jpg 768w, https:\/\/www.beathis.ch\/cgi\/Wordpress\/wp-content\/uploads\/2022\/10\/P1210828-1536x1154.jpg 1536w, https:\/\/www.beathis.ch\/cgi\/Wordpress\/wp-content\/uploads\/2022\/10\/P1210828.jpg 2000w\" sizes=\"auto, (max-width: 1024px) 100vw, 1024px\" \/><\/a><figcaption>Steiler Aufstieg auf der Kiesstrasse<\/figcaption><\/figure>\n\n\n\n<figure class=\"wp-block-image size-large\"><a href=\"https:\/\/www.beathis.ch\/cgi\/Wordpress\/wp-content\/uploads\/2022\/10\/P1210837.jpg\"><img loading=\"lazy\" decoding=\"async\" width=\"1024\" height=\"769\" src=\"https:\/\/www.beathis.ch\/cgi\/Wordpress\/wp-content\/uploads\/2022\/10\/P1210837-1024x769.jpg\" alt=\"\" class=\"wp-image-5597\" srcset=\"https:\/\/www.beathis.ch\/cgi\/Wordpress\/wp-content\/uploads\/2022\/10\/P1210837-1024x769.jpg 1024w, https:\/\/www.beathis.ch\/cgi\/Wordpress\/wp-content\/uploads\/2022\/10\/P1210837-300x225.jpg 300w, https:\/\/www.beathis.ch\/cgi\/Wordpress\/wp-content\/uploads\/2022\/10\/P1210837-768x577.jpg 768w, https:\/\/www.beathis.ch\/cgi\/Wordpress\/wp-content\/uploads\/2022\/10\/P1210837-1536x1154.jpg 1536w, https:\/\/www.beathis.ch\/cgi\/Wordpress\/wp-content\/uploads\/2022\/10\/P1210837.jpg 2000w\" sizes=\"auto, (max-width: 1024px) 100vw, 1024px\" \/><\/a><figcaption>Weitere Wasserf\u00e4lle oberhalb der Barbarabr\u00fccke<\/figcaption><\/figure>\n\n\n\n<figure class=\"wp-block-image size-large\"><a href=\"https:\/\/www.beathis.ch\/cgi\/Wordpress\/wp-content\/uploads\/2022\/10\/P1210844.jpg\"><img loading=\"lazy\" decoding=\"async\" width=\"1024\" height=\"769\" src=\"https:\/\/www.beathis.ch\/cgi\/Wordpress\/wp-content\/uploads\/2022\/10\/P1210844-1024x769.jpg\" alt=\"\" class=\"wp-image-5598\" srcset=\"https:\/\/www.beathis.ch\/cgi\/Wordpress\/wp-content\/uploads\/2022\/10\/P1210844-1024x769.jpg 1024w, https:\/\/www.beathis.ch\/cgi\/Wordpress\/wp-content\/uploads\/2022\/10\/P1210844-300x225.jpg 300w, https:\/\/www.beathis.ch\/cgi\/Wordpress\/wp-content\/uploads\/2022\/10\/P1210844-768x577.jpg 768w, https:\/\/www.beathis.ch\/cgi\/Wordpress\/wp-content\/uploads\/2022\/10\/P1210844-1536x1154.jpg 1536w, https:\/\/www.beathis.ch\/cgi\/Wordpress\/wp-content\/uploads\/2022\/10\/P1210844.jpg 2000w\" sizes=\"auto, (max-width: 1024px) 100vw, 1024px\" \/><\/a><figcaption>Die Kraft des Wassers ist in diesem Abschnitt sehr deutlich zu sehen (Auswaschung rechts)<\/figcaption><\/figure>\n\n\n\n<p>Im Rezliberg kauften wir den ersten Alpk\u00e4se auf der heutigen Wanderung.<\/p>\n\n\n\n<figure class=\"wp-block-image size-large\"><a href=\"https:\/\/www.beathis.ch\/cgi\/Wordpress\/wp-content\/uploads\/2022\/10\/P1210853.jpg\"><img loading=\"lazy\" decoding=\"async\" width=\"1024\" height=\"769\" src=\"https:\/\/www.beathis.ch\/cgi\/Wordpress\/wp-content\/uploads\/2022\/10\/P1210853-1024x769.jpg\" alt=\"\" class=\"wp-image-5599\" srcset=\"https:\/\/www.beathis.ch\/cgi\/Wordpress\/wp-content\/uploads\/2022\/10\/P1210853-1024x769.jpg 1024w, https:\/\/www.beathis.ch\/cgi\/Wordpress\/wp-content\/uploads\/2022\/10\/P1210853-300x225.jpg 300w, https:\/\/www.beathis.ch\/cgi\/Wordpress\/wp-content\/uploads\/2022\/10\/P1210853-768x577.jpg 768w, https:\/\/www.beathis.ch\/cgi\/Wordpress\/wp-content\/uploads\/2022\/10\/P1210853-1536x1154.jpg 1536w, https:\/\/www.beathis.ch\/cgi\/Wordpress\/wp-content\/uploads\/2022\/10\/P1210853.jpg 2000w\" sizes=\"auto, (max-width: 1024px) 100vw, 1024px\" \/><\/a><figcaption>bi de sibe Br\u00fcnne &#8211; Beginn der Simme &#8211; sogenannte Karstquelle<\/figcaption><\/figure>\n\n\n\n<figure class=\"wp-block-image size-large\"><a href=\"https:\/\/www.beathis.ch\/cgi\/Wordpress\/wp-content\/uploads\/2022\/10\/P1210850.jpg\"><img loading=\"lazy\" decoding=\"async\" width=\"1024\" height=\"769\" src=\"https:\/\/www.beathis.ch\/cgi\/Wordpress\/wp-content\/uploads\/2022\/10\/P1210850-1024x769.jpg\" alt=\"\" class=\"wp-image-5600\" srcset=\"https:\/\/www.beathis.ch\/cgi\/Wordpress\/wp-content\/uploads\/2022\/10\/P1210850-1024x769.jpg 1024w, https:\/\/www.beathis.ch\/cgi\/Wordpress\/wp-content\/uploads\/2022\/10\/P1210850-300x225.jpg 300w, https:\/\/www.beathis.ch\/cgi\/Wordpress\/wp-content\/uploads\/2022\/10\/P1210850-768x577.jpg 768w, https:\/\/www.beathis.ch\/cgi\/Wordpress\/wp-content\/uploads\/2022\/10\/P1210850-1536x1154.jpg 1536w, https:\/\/www.beathis.ch\/cgi\/Wordpress\/wp-content\/uploads\/2022\/10\/P1210850.jpg 2000w\" sizes=\"auto, (max-width: 1024px) 100vw, 1024px\" \/><\/a><figcaption>rechts &#8222;bi de sibe Br\u00fcnne&#8220; und links ein Wasserfall<\/figcaption><\/figure>\n\n\n\n<p>Die Wanderung f\u00fchrte nun entlang dem Tr\u00fcebbach Richtung Westen.<\/p>\n\n\n\n<figure class=\"wp-block-image size-large\"><a href=\"https:\/\/www.beathis.ch\/cgi\/Wordpress\/wp-content\/uploads\/2022\/10\/P1210859.jpg\"><img loading=\"lazy\" decoding=\"async\" width=\"1024\" height=\"769\" src=\"https:\/\/www.beathis.ch\/cgi\/Wordpress\/wp-content\/uploads\/2022\/10\/P1210859-1024x769.jpg\" alt=\"\" class=\"wp-image-5601\" srcset=\"https:\/\/www.beathis.ch\/cgi\/Wordpress\/wp-content\/uploads\/2022\/10\/P1210859-1024x769.jpg 1024w, https:\/\/www.beathis.ch\/cgi\/Wordpress\/wp-content\/uploads\/2022\/10\/P1210859-300x225.jpg 300w, https:\/\/www.beathis.ch\/cgi\/Wordpress\/wp-content\/uploads\/2022\/10\/P1210859-768x577.jpg 768w, https:\/\/www.beathis.ch\/cgi\/Wordpress\/wp-content\/uploads\/2022\/10\/P1210859-1536x1154.jpg 1536w, https:\/\/www.beathis.ch\/cgi\/Wordpress\/wp-content\/uploads\/2022\/10\/P1210859.jpg 2000w\" sizes=\"auto, (max-width: 1024px) 100vw, 1024px\" \/><\/a><figcaption>Wanderweg entlang des Tr\u00fcebbachs<\/figcaption><\/figure>\n\n\n\n<figure class=\"wp-block-image size-large\"><a href=\"https:\/\/www.beathis.ch\/cgi\/Wordpress\/wp-content\/uploads\/2022\/10\/P1210856.jpg\"><img loading=\"lazy\" decoding=\"async\" width=\"1024\" height=\"769\" src=\"https:\/\/www.beathis.ch\/cgi\/Wordpress\/wp-content\/uploads\/2022\/10\/P1210856-1024x769.jpg\" alt=\"\" class=\"wp-image-5602\" srcset=\"https:\/\/www.beathis.ch\/cgi\/Wordpress\/wp-content\/uploads\/2022\/10\/P1210856-1024x769.jpg 1024w, https:\/\/www.beathis.ch\/cgi\/Wordpress\/wp-content\/uploads\/2022\/10\/P1210856-300x225.jpg 300w, https:\/\/www.beathis.ch\/cgi\/Wordpress\/wp-content\/uploads\/2022\/10\/P1210856-768x577.jpg 768w, https:\/\/www.beathis.ch\/cgi\/Wordpress\/wp-content\/uploads\/2022\/10\/P1210856-1536x1154.jpg 1536w, https:\/\/www.beathis.ch\/cgi\/Wordpress\/wp-content\/uploads\/2022\/10\/P1210856.jpg 2000w\" sizes=\"auto, (max-width: 1024px) 100vw, 1024px\" \/><\/a><figcaption>Entlang des Weges gab es viele verschiedene Pilze<\/figcaption><\/figure>\n\n\n\n<figure class=\"wp-block-image size-large\"><a href=\"https:\/\/www.beathis.ch\/cgi\/Wordpress\/wp-content\/uploads\/2022\/10\/P1210865.jpg\"><img loading=\"lazy\" decoding=\"async\" width=\"1024\" height=\"769\" src=\"https:\/\/www.beathis.ch\/cgi\/Wordpress\/wp-content\/uploads\/2022\/10\/P1210865-1024x769.jpg\" alt=\"\" class=\"wp-image-5603\" srcset=\"https:\/\/www.beathis.ch\/cgi\/Wordpress\/wp-content\/uploads\/2022\/10\/P1210865-1024x769.jpg 1024w, https:\/\/www.beathis.ch\/cgi\/Wordpress\/wp-content\/uploads\/2022\/10\/P1210865-300x225.jpg 300w, https:\/\/www.beathis.ch\/cgi\/Wordpress\/wp-content\/uploads\/2022\/10\/P1210865-768x577.jpg 768w, https:\/\/www.beathis.ch\/cgi\/Wordpress\/wp-content\/uploads\/2022\/10\/P1210865-1536x1154.jpg 1536w, https:\/\/www.beathis.ch\/cgi\/Wordpress\/wp-content\/uploads\/2022\/10\/P1210865.jpg 2000w\" sizes=\"auto, (max-width: 1024px) 100vw, 1024px\" \/><\/a><figcaption>Steiler Anstieg zur Langermatte<\/figcaption><\/figure>\n\n\n\n<figure class=\"wp-block-image size-large\"><a href=\"https:\/\/www.beathis.ch\/cgi\/Wordpress\/wp-content\/uploads\/2022\/10\/P1210871.jpg\"><img loading=\"lazy\" decoding=\"async\" width=\"1024\" height=\"769\" src=\"https:\/\/www.beathis.ch\/cgi\/Wordpress\/wp-content\/uploads\/2022\/10\/P1210871-1024x769.jpg\" alt=\"\" class=\"wp-image-5604\" srcset=\"https:\/\/www.beathis.ch\/cgi\/Wordpress\/wp-content\/uploads\/2022\/10\/P1210871-1024x769.jpg 1024w, https:\/\/www.beathis.ch\/cgi\/Wordpress\/wp-content\/uploads\/2022\/10\/P1210871-300x225.jpg 300w, https:\/\/www.beathis.ch\/cgi\/Wordpress\/wp-content\/uploads\/2022\/10\/P1210871-768x577.jpg 768w, https:\/\/www.beathis.ch\/cgi\/Wordpress\/wp-content\/uploads\/2022\/10\/P1210871-1536x1154.jpg 1536w, https:\/\/www.beathis.ch\/cgi\/Wordpress\/wp-content\/uploads\/2022\/10\/P1210871.jpg 2000w\" sizes=\"auto, (max-width: 1024px) 100vw, 1024px\" \/><\/a><figcaption>Blick Richtung Flueseeh\u00f6ri<\/figcaption><\/figure>\n\n\n\n<figure class=\"wp-block-image size-large\"><a href=\"https:\/\/www.beathis.ch\/cgi\/Wordpress\/wp-content\/uploads\/2022\/10\/P1210880.jpg\"><img loading=\"lazy\" decoding=\"async\" width=\"1024\" height=\"769\" src=\"https:\/\/www.beathis.ch\/cgi\/Wordpress\/wp-content\/uploads\/2022\/10\/P1210880-1024x769.jpg\" alt=\"\" class=\"wp-image-5605\" srcset=\"https:\/\/www.beathis.ch\/cgi\/Wordpress\/wp-content\/uploads\/2022\/10\/P1210880-1024x769.jpg 1024w, https:\/\/www.beathis.ch\/cgi\/Wordpress\/wp-content\/uploads\/2022\/10\/P1210880-300x225.jpg 300w, https:\/\/www.beathis.ch\/cgi\/Wordpress\/wp-content\/uploads\/2022\/10\/P1210880-768x577.jpg 768w, https:\/\/www.beathis.ch\/cgi\/Wordpress\/wp-content\/uploads\/2022\/10\/P1210880-1536x1154.jpg 1536w, https:\/\/www.beathis.ch\/cgi\/Wordpress\/wp-content\/uploads\/2022\/10\/P1210880.jpg 2000w\" sizes=\"auto, (max-width: 1024px) 100vw, 1024px\" \/><\/a><figcaption>kleine Hochebene Langermatte<\/figcaption><\/figure>\n\n\n\n<figure class=\"wp-block-image size-large\"><a href=\"https:\/\/www.beathis.ch\/cgi\/Wordpress\/wp-content\/uploads\/2022\/10\/P1210881.jpg\"><img loading=\"lazy\" decoding=\"async\" width=\"1024\" height=\"769\" src=\"https:\/\/www.beathis.ch\/cgi\/Wordpress\/wp-content\/uploads\/2022\/10\/P1210881-1024x769.jpg\" alt=\"\" class=\"wp-image-5606\" srcset=\"https:\/\/www.beathis.ch\/cgi\/Wordpress\/wp-content\/uploads\/2022\/10\/P1210881-1024x769.jpg 1024w, https:\/\/www.beathis.ch\/cgi\/Wordpress\/wp-content\/uploads\/2022\/10\/P1210881-300x225.jpg 300w, https:\/\/www.beathis.ch\/cgi\/Wordpress\/wp-content\/uploads\/2022\/10\/P1210881-768x577.jpg 768w, https:\/\/www.beathis.ch\/cgi\/Wordpress\/wp-content\/uploads\/2022\/10\/P1210881-1536x1154.jpg 1536w, https:\/\/www.beathis.ch\/cgi\/Wordpress\/wp-content\/uploads\/2022\/10\/P1210881.jpg 2000w\" sizes=\"auto, (max-width: 1024px) 100vw, 1024px\" \/><\/a><figcaption>Abstieg zur Alp Ritz<\/figcaption><\/figure>\n\n\n\n<p>Leider war in der Alp Ritz nur die Selbstbedienung offen. So kauften wir auch dort Alpk\u00e4se und begannen den Abstieg Richtung Iffigenalp.<\/p>\n\n\n\n<figure class=\"wp-block-image size-large\"><a href=\"https:\/\/www.beathis.ch\/cgi\/Wordpress\/wp-content\/uploads\/2022\/10\/P1210886.jpg\"><img loading=\"lazy\" decoding=\"async\" width=\"1024\" height=\"769\" src=\"https:\/\/www.beathis.ch\/cgi\/Wordpress\/wp-content\/uploads\/2022\/10\/P1210886-1024x769.jpg\" alt=\"\" class=\"wp-image-5607\" srcset=\"https:\/\/www.beathis.ch\/cgi\/Wordpress\/wp-content\/uploads\/2022\/10\/P1210886-1024x769.jpg 1024w, https:\/\/www.beathis.ch\/cgi\/Wordpress\/wp-content\/uploads\/2022\/10\/P1210886-300x225.jpg 300w, https:\/\/www.beathis.ch\/cgi\/Wordpress\/wp-content\/uploads\/2022\/10\/P1210886-768x577.jpg 768w, https:\/\/www.beathis.ch\/cgi\/Wordpress\/wp-content\/uploads\/2022\/10\/P1210886-1536x1154.jpg 1536w, https:\/\/www.beathis.ch\/cgi\/Wordpress\/wp-content\/uploads\/2022\/10\/P1210886.jpg 2000w\" sizes=\"auto, (max-width: 1024px) 100vw, 1024px\" \/><\/a><figcaption>Alp Ritz<\/figcaption><\/figure>\n\n\n\n<figure class=\"wp-block-image size-large\"><a href=\"https:\/\/www.beathis.ch\/cgi\/Wordpress\/wp-content\/uploads\/2022\/10\/P1210889.jpg\"><img loading=\"lazy\" decoding=\"async\" width=\"1024\" height=\"769\" src=\"https:\/\/www.beathis.ch\/cgi\/Wordpress\/wp-content\/uploads\/2022\/10\/P1210889-1024x769.jpg\" alt=\"\" class=\"wp-image-5608\" srcset=\"https:\/\/www.beathis.ch\/cgi\/Wordpress\/wp-content\/uploads\/2022\/10\/P1210889-1024x769.jpg 1024w, https:\/\/www.beathis.ch\/cgi\/Wordpress\/wp-content\/uploads\/2022\/10\/P1210889-300x225.jpg 300w, https:\/\/www.beathis.ch\/cgi\/Wordpress\/wp-content\/uploads\/2022\/10\/P1210889-768x577.jpg 768w, https:\/\/www.beathis.ch\/cgi\/Wordpress\/wp-content\/uploads\/2022\/10\/P1210889-1536x1154.jpg 1536w, https:\/\/www.beathis.ch\/cgi\/Wordpress\/wp-content\/uploads\/2022\/10\/P1210889.jpg 2000w\" sizes=\"auto, (max-width: 1024px) 100vw, 1024px\" \/><\/a><figcaption>Blick Richtung Iffigenalp<\/figcaption><\/figure>\n\n\n\n<p>Direkt bei der Iffigenalp geht eine Luftseilbahn des Milit\u00e4rs zum <a href=\"https:\/\/de.wikipedia.org\/wiki\/Weisshorn_(Lenk)\" target=\"_blank\" rel=\"noreferrer noopener\">Wisshore<\/a>. Dort sind u.a. Flugradarsysteme installiert. Wir erwischten knapp unseren Bus 282 zur\u00fcck nach Lenk. Von dort ging es mit der MOB wieder via Zweisimmen zur\u00fcck nach Saanenm\u00f6ser.<\/p>\n\n\n\n<figure class=\"wp-block-image size-large\"><a href=\"https:\/\/www.beathis.ch\/cgi\/Wordpress\/wp-content\/uploads\/2022\/10\/P1210892.jpg\"><img loading=\"lazy\" decoding=\"async\" width=\"1024\" height=\"769\" src=\"https:\/\/www.beathis.ch\/cgi\/Wordpress\/wp-content\/uploads\/2022\/10\/P1210892-1024x769.jpg\" alt=\"\" class=\"wp-image-5609\" srcset=\"https:\/\/www.beathis.ch\/cgi\/Wordpress\/wp-content\/uploads\/2022\/10\/P1210892-1024x769.jpg 1024w, https:\/\/www.beathis.ch\/cgi\/Wordpress\/wp-content\/uploads\/2022\/10\/P1210892-300x225.jpg 300w, https:\/\/www.beathis.ch\/cgi\/Wordpress\/wp-content\/uploads\/2022\/10\/P1210892-768x577.jpg 768w, https:\/\/www.beathis.ch\/cgi\/Wordpress\/wp-content\/uploads\/2022\/10\/P1210892-1536x1154.jpg 1536w, https:\/\/www.beathis.ch\/cgi\/Wordpress\/wp-content\/uploads\/2022\/10\/P1210892.jpg 2000w\" sizes=\"auto, (max-width: 1024px) 100vw, 1024px\" \/><\/a><figcaption>Saanenm\u00f6ser<\/figcaption><\/figure>\n\n\n\n<p>Beim Aussteigen in Saanenm\u00f6ser gab es erste Regentropfen. Als wir zur\u00fcck im Hotel waren, \u00f6ffneten sich die Schleusen.<\/p>\n\n\n\n<figure class=\"wp-block-image size-large\"><a href=\"https:\/\/www.beathis.ch\/cgi\/Wordpress\/wp-content\/uploads\/2022\/10\/P1210894.jpg\"><img loading=\"lazy\" decoding=\"async\" width=\"1024\" height=\"769\" src=\"https:\/\/www.beathis.ch\/cgi\/Wordpress\/wp-content\/uploads\/2022\/10\/P1210894-1024x769.jpg\" alt=\"\" class=\"wp-image-5610\" srcset=\"https:\/\/www.beathis.ch\/cgi\/Wordpress\/wp-content\/uploads\/2022\/10\/P1210894-1024x769.jpg 1024w, https:\/\/www.beathis.ch\/cgi\/Wordpress\/wp-content\/uploads\/2022\/10\/P1210894-300x225.jpg 300w, https:\/\/www.beathis.ch\/cgi\/Wordpress\/wp-content\/uploads\/2022\/10\/P1210894-768x577.jpg 768w, https:\/\/www.beathis.ch\/cgi\/Wordpress\/wp-content\/uploads\/2022\/10\/P1210894-1536x1154.jpg 1536w, https:\/\/www.beathis.ch\/cgi\/Wordpress\/wp-content\/uploads\/2022\/10\/P1210894.jpg 2000w\" sizes=\"auto, (max-width: 1024px) 100vw, 1024px\" \/><\/a><figcaption>Starker Regen mit blauem Himmel in Saanenm\u00f6ser<\/figcaption><\/figure>\n","protected":false},"excerpt":{"rendered":"<p>Unsere Wanderung f\u00fchrte uns von den Simmef\u00e4llen hinter Lenk \u00fcber &#8222;bi de sibe Br\u00fcnne&#8220; und die Langermatte (1856m\u00fcM) zur Iffigenalp. Wir ben\u00f6tigten f\u00fcr die 9.3km 3h20 mit kleinen Abstechern zu Wasserf\u00e4llen und kurzen Pausen. Es ging 830 H\u00f6henmeter bergauf und 370 H\u00f6henmeter runter. Mit der MOB fuhren wir von Saanenm\u00f6ser[&#8230;]<\/p>\n","protected":false},"author":2,"featured_media":5599,"comment_status":"closed","ping_status":"closed","sticky":false,"template":"","format":"standard","meta":{"footnotes":""},"categories":[631,617],"tags":[636,640,638,639,641,637,635],"class_list":["post-5590","post","type-post","status-publish","format-standard","has-post-thumbnail","hentry","category-saanenmoeser-okt-22","category-schweiz-2022","tag-iffligenalp","tag-langermatte","tag-lenk","tag-rezliberg","tag-ritz","tag-siebenbrunnen","tag-simmefaell"],"_links":{"self":[{"href":"https:\/\/www.beathis.ch\/cgi\/Wordpress\/index.php?rest_route=\/wp\/v2\/posts\/5590","targetHints":{"allow":["GET"]}}],"collection":[{"href":"https:\/\/www.beathis.ch\/cgi\/Wordpress\/index.php?rest_route=\/wp\/v2\/posts"}],"about":[{"href":"https:\/\/www.beathis.ch\/cgi\/Wordpress\/index.php?rest_route=\/wp\/v2\/types\/post"}],"author":[{"embeddable":true,"href":"https:\/\/www.beathis.ch\/cgi\/Wordpress\/index.php?rest_route=\/wp\/v2\/users\/2"}],"replies":[{"embeddable":true,"href":"https:\/\/www.beathis.ch\/cgi\/Wordpress\/index.php?rest_route=%2Fwp%2Fv2%2Fcomments&post=5590"}],"version-history":[{"count":1,"href":"https:\/\/www.beathis.ch\/cgi\/Wordpress\/index.php?rest_route=\/wp\/v2\/posts\/5590\/revisions"}],"predecessor-version":[{"id":5611,"href":"https:\/\/www.beathis.ch\/cgi\/Wordpress\/index.php?rest_route=\/wp\/v2\/posts\/5590\/revisions\/5611"}],"wp:featuredmedia":[{"embeddable":true,"href":"https:\/\/www.beathis.ch\/cgi\/Wordpress\/index.php?rest_route=\/wp\/v2\/media\/5599"}],"wp:attachment":[{"href":"https:\/\/www.beathis.ch\/cgi\/Wordpress\/index.php?rest_route=%2Fwp%2Fv2%2Fmedia&parent=5590"}],"wp:term":[{"taxonomy":"category","embeddable":true,"href":"https:\/\/www.beathis.ch\/cgi\/Wordpress\/index.php?rest_route=%2Fwp%2Fv2%2Fcategories&post=5590"},{"taxonomy":"post_tag","embeddable":true,"href":"https:\/\/www.beathis.ch\/cgi\/Wordpress\/index.php?rest_route=%2Fwp%2Fv2%2Ftags&post=5590"}],"curies":[{"name":"wp","href":"https:\/\/api.w.org\/{rel}","templated":true}]}}